{"id":1169,"date":"2019-08-28T19:28:03","date_gmt":"2019-08-28T17:28:03","guid":{"rendered":"http:\/\/www.inmofactorysevilla.com\/?p=70"},"modified":"2019-08-28T19:28:03","modified_gmt":"2019-08-28T17:28:03","slug":"el_plan_vive_en_andalucia_ofertara_40_000_viviendas_antes_de_2024_20_000_de_ellas_a_jovenes","status":"publish","type":"post","link":"https:\/\/www.inmofactorysevilla.com\/blog\/2019\/08\/28\/el_plan_vive_en_andalucia_ofertara_40_000_viviendas_antes_de_2024_20_000_de_ellas_a_jovenes\/","title":{"rendered":"EL PLAN VIVE EN ANDALUC\u00cdA OFERTAR\u00c1 40.000 VIVIENDAS ANTES DE 2024, 20.000 DE ELLAS A J\u00d3VENES"},"content":{"rendered":"<p><em>El acuerdo fue aprobado por el Consejo de Gobierno el 14 de Mayo con un presupuesto de 800 millones de euros y que prev\u00e9 generar 34.000 empleos. El nuevo plan fomentar\u00e1 la\u00a0promoci\u00f3n de vivienda a precio asequible, tanto en compra como en alquiler, y apostar\u00e1 decididamente por la rehabilitaci\u00f3n.\u00a0<\/em><!--more--><\/p>\n<p>El Plan Vive en Andaluc\u00eda tendr\u00e1 cuatro ejes. El primero, centrado en el acceso, contempla la creaci\u00f3n de las 40.000 viviendas nuevas o rehabilitadas. Ser\u00e1n viviendas de promoci\u00f3n p\u00fablica (VPP) sociales en alquiler, de promoci\u00f3n auton\u00f3mica (VPA) con precio asequible dentro del\u00a0Plan Primera Vivienda\u00a0y medidas para garantizar el acceso al alquiler asequible.<\/p>\n<p>El segundo eje es el de la\u00a0rehabilitaci\u00f3n de viviendas y renovaci\u00f3n urbana, que contempla el\u00a0Plan Ciudades m\u00e1s Humanas\u00a0para la creaci\u00f3n de \u00e1reas de regeneraci\u00f3n urbana y accesibilidad (ARUA) concertadas con ayuntamientos, la rehabilitaci\u00f3n del parque p\u00fablico de vivienda y de conjuntos hist\u00f3ricos (Plan Revive tu Centro), la de edificios de inter\u00e9s arquitect\u00f3nico (Plan Rehabilita Patrimonio) y la regeneraci\u00f3n de espacios urbanos (Plan Vive tu Ciudad).<\/p>\n<p>El tercer eje trata la\u00a0vulnerabilidad residencial\u00a0y prev\u00e9 actuar, con el\u00a0Plan Nadie sin Hogar, en cuatro frentes. Se trata de los relativos a viviendas de integraci\u00f3n social, erradicaci\u00f3n del chabolismo, un fondo auton\u00f3mico de ayudas contra los desahucios y una bolsa de viviendas para realojos y emergencias.<\/p>\n<p>El cuarto eje del nuevo Plan Vive en Andaluc\u00eda se centra en el\u00a0I+D+i de la Agenda Urbana 2030, con un programa de becas, premios de arquitectura, jornadas de formaci\u00f3n y un foro permanente de la Vivienda en Andaluc\u00eda.<\/p>\n<p>Seg\u00fan la publicaci\u00f3n del B.O.E, \u201cEl Plan Vive en Andaluc\u00eda 2020-2030 que se formula mediante el presente Acuerdo ser\u00e1 el plan auton\u00f3mico de vivienda y rehabilitaci\u00f3n para dicho periodo. Tendr\u00e1 como objetivos definir la pol\u00edtica de vivienda para el periodo de su vigencia y garantizar el derecho real y efectivo a una vivienda digna a las familias necesitadas, dando preferencia a j\u00f3venes, a personas en riesgo de exclusi\u00f3n social, a personas mayores, a personas con discapacidad, a mujeres embarazadas sin recursos y a familias en riesgo de desahucio.<\/p>\n<p>Para ello, sus ejes de actuaci\u00f3n tender\u00e1n, por una parte, a facilitar el acceso a la vivienda mediante el fomento de promociones en los suelos destinados a vivienda protegida, entre otras actuaciones, para lograr la oferta de un amplio parque de viviendas tanto en alquiler como en venta u opci\u00f3n de compra. Y, por otra parte, tender\u00e1n a la gesti\u00f3n de bolsas de viviendas destinadas al realojo de personas en situaci\u00f3n de emergencia habitacional y de personas que hayan sido desahuciadas de sus viviendas.\u201d<\/p>\n","protected":false},"excerpt":{"rendered":"<p>El acuerdo fue aprobado por el Consejo de Gobierno el 14 de Mayo con un presupuesto de 800 millones de euros y que prev\u00e9 generar 34.000 empleos. El nuevo plan fomentar\u00e1 la\u00a0promoci\u00f3n de vivienda a precio asequible, tanto en compra como en alquiler, y apostar\u00e1 decididamente por la rehabilitaci\u00f3n.\u00a0<\/p>\n","protected":false},"author":2,"featured_media":1134,"comment_status":"closed","ping_status":"open","sticky":false,"template":"","format":"standard","meta":{"footnotes":""},"categories":[1],"tags":[2,16,17,9,18],"class_list":["post-1169","post","type-post","status-publish","format-standard","has-post-thumbnail","hentry","category-sin-categoria","tag-alquiler","tag-junta-de-andalucia","tag-plan-vive-en-andalucia","tag-venta","tag-vpo","wpbf-post"],"_links":{"self":[{"href":"https:\/\/www.inmofactorysevilla.com\/blog\/wp-json\/wp\/v2\/posts\/1169","targetHints":{"allow":["GET"]}}],"collection":[{"href":"https:\/\/www.inmofactorysevilla.com\/blog\/wp-json\/wp\/v2\/posts"}],"about":[{"href":"https:\/\/www.inmofactorysevilla.com\/blog\/wp-json\/wp\/v2\/types\/post"}],"author":[{"embeddable":true,"href":"https:\/\/www.inmofactorysevilla.com\/blog\/wp-json\/wp\/v2\/users\/2"}],"replies":[{"embeddable":true,"href":"https:\/\/www.inmofactorysevilla.com\/blog\/wp-json\/wp\/v2\/comments?post=1169"}],"version-history":[{"count":0,"href":"https:\/\/www.inmofactorysevilla.com\/blog\/wp-json\/wp\/v2\/posts\/1169\/revisions"}],"wp:featuredmedia":[{"embeddable":true,"href":"https:\/\/www.inmofactorysevilla.com\/blog\/wp-json\/wp\/v2\/media\/1134"}],"wp:attachment":[{"href":"https:\/\/www.inmofactorysevilla.com\/blog\/wp-json\/wp\/v2\/media?parent=1169"}],"wp:term":[{"taxonomy":"category","embeddable":true,"href":"https:\/\/www.inmofactorysevilla.com\/blog\/wp-json\/wp\/v2\/categories?post=1169"},{"taxonomy":"post_tag","embeddable":true,"href":"https:\/\/www.inmofactorysevilla.com\/blog\/wp-json\/wp\/v2\/tags?post=1169"}],"curies":[{"name":"wp","href":"https:\/\/api.w.org\/{rel}","templated":true}]}}